{"id":1258,"date":"2018-09-25T11:34:08","date_gmt":"2018-09-25T09:34:08","guid":{"rendered":"https:\/\/familien.fr\/?p=1258"},"modified":"2020-01-29T09:24:12","modified_gmt":"2020-01-29T08:24:12","slug":"parler-de-la-mort-avec-les-enfants","status":"publish","type":"post","link":"https:\/\/familien.fr\/index.php\/2018\/09\/25\/parler-de-la-mort-avec-les-enfants\/","title":{"rendered":"Parler de la mort avec les enfants"},"content":{"rendered":"\n[et_pb_section bb_built=\u00a0\u00bb1&Prime; admin_label=\u00a0\u00bbsection\u00a0\u00bb _builder_version=\u00a0\u00bb3.0.47&Prime;][et_pb_row admin_label=\u00a0\u00bbrow\u00a0\u00bb _builder_version=\u00a0\u00bb3.17.6&Prime; background_size=\u00a0\u00bbinitial\u00a0\u00bb background_position=\u00a0\u00bbtop_left\u00a0\u00bb background_repeat=\u00a0\u00bbrepeat\u00a0\u00bb][et_pb_column type=\u00a0\u00bb4_4&Prime;][et_pb_text admin_label=\u00a0\u00bbText\u00a0\u00bb _builder_version=\u00a0\u00bb3.17.6&Prime; background_size=\u00a0\u00bbinitial\u00a0\u00bb background_position=\u00a0\u00bbtop_left\u00a0\u00bb background_repeat=\u00a0\u00bbrepeat\u00a0\u00bb]\r\n\r\n<p>S&rsquo;il est un sujet qui peut nous d\u00e9stabiliser en voici un.<\/p><p>\u00a0<\/p><p>Tous les enfants, \u00e0 un moment ou \u00e0 un autre, s&rsquo;interrogent sur la mort et viennent donc, par la m\u00eame occasion, nous interroger dans nos croyances, peurs et \u00e9motions qui y sont rattach\u00e9es.<\/p><p>\u00a0<\/p><p>Les enfants posent leurs questions le plus simplement possible :<\/p><p>\u00a0<\/p><p><img loading=\"lazy\" decoding=\"async\" class=\"size-medium wp-image-1261 alignright\" src=\"https:\/\/familien.fr\/wp-content\/uploads\/2018\/09\/screen-300x215.jpg\" alt=\"\" width=\"300\" height=\"215\" srcset=\"https:\/\/familien.fr\/wp-content\/uploads\/2018\/09\/screen-300x215.jpg 300w, https:\/\/familien.fr\/wp-content\/uploads\/2018\/09\/screen-768x551.jpg 768w, https:\/\/familien.fr\/wp-content\/uploads\/2018\/09\/screen-610x438.jpg 610w, https:\/\/familien.fr\/wp-content\/uploads\/2018\/09\/screen.jpg 800w\" sizes=\"auto, (max-width: 300px) 100vw, 300px\" \/><\/p><p>\u00a0<\/p><ul><li>Est-ce que l&rsquo;on meurt quand on est vieux ? Alors mamie va bient\u00f4t mourir ?\u00a0<\/li><\/ul><p>\u00a0<\/p><p>On nous a m\u00eame racont\u00e9 l&rsquo;anecdote d&rsquo;un petit gar\u00e7on qui a demand\u00e9 \u00e0 son arri\u00e8re grand-m\u00e8re si elle \u00e9tait d\u00e9j\u00e0 morte.<\/p><p>\u00a0<\/p><p>\u00a0<\/p><p>\u00a0<\/p><p>Peut \u00eatre que lorsque nous sommes confront\u00e9s \u00e0 ces questions par nos enfants, la premi\u00e8re chose \u00e0 faire serait un \u00ab\u00a0\u00e9tat des lieux\u00a0\u00bb de nos propres sentiments face \u00e0 ce sujet.<\/p><p>\u00a0<\/p><p>Chez Familien nous encourageons toujours les familles \u00e0 dire les sentiments qui les traversent. En effet, s&rsquo;autoriser \u00e0 dire comment on se sent face \u00e0 une question, un \u00e9v\u00e8nement, permet aux enfants de faire de m\u00eame.<\/p><p>\u00a0<\/p><p>L&rsquo;id\u00e9e de prot\u00e9ger son enfant en \u00e9vitant de r\u00e9pondre aux questions qu&rsquo;il se pose sur un sujet si important ou bien en modifiant la v\u00e9rit\u00e9 est en r\u00e9alit\u00e9 bien plus dommageable et inqui\u00e9tant.<\/p><p>\u00a0<\/p><p>Face \u00e0 de tels questionnements, le plus important est finalement de r\u00e9pondre simplement aux questions pos\u00e9es.<\/p><p>\u00a0<\/p><p>Plus facile \u00e0 dire qu&rsquo;\u00e0 faire &#8230; !<\/p><p>\u00a0<\/p><p>Tout d&rsquo;abord, il peut \u00eatre int\u00e9ressant de questionner l&rsquo;enfant pour savoir \u00ab\u00a0o\u00f9 il en est\u00a0\u00bb. Le laisser pr\u00e9senter, avec ses mots, ses croyances, ses sentiments, la repr\u00e9sentation qu&rsquo;il se fait de la mort. Ainsi vous aurez un point de d\u00e9part. Vous pourrez juger si les questions sont n\u00e9es d&rsquo;une situation v\u00e9cue (voire un petit animal mort au bord de la route, entendre parler de la mort de quelqu&rsquo;un&#8230;.) et ainsi apporter des r\u00e9ponses adapt\u00e9es \u00e0 la situation.<\/p><p>\u00a0<\/p><p>Parfois, pour des sujets qui nous sont difficiles, pour lesquels nous ne savons pas forc\u00e9ment quels mots choisir, les livres sont nos amis.<\/p><p>\u00a0<\/p><p><img loading=\"lazy\" decoding=\"async\" class=\"size-medium wp-image-1264 alignleft\" src=\"https:\/\/familien.fr\/wp-content\/uploads\/2018\/09\/test-300x200.png\" alt=\"\" width=\"300\" height=\"200\" srcset=\"https:\/\/familien.fr\/wp-content\/uploads\/2018\/09\/test-300x200.png 300w, https:\/\/familien.fr\/wp-content\/uploads\/2018\/09\/test-768x512.png 768w, https:\/\/familien.fr\/wp-content\/uploads\/2018\/09\/test-610x407.png 610w, https:\/\/familien.fr\/wp-content\/uploads\/2018\/09\/test.png 960w\" sizes=\"auto, (max-width: 300px) 100vw, 300px\" \/><\/p><p>\u00a0<\/p><p>Le livre : un support pour en parler, un support \u00e0 toucher, un support qui peut \u00eatre lu et relu autant de fois que n\u00e9cessaire.<\/p><p>\u00a0<\/p><p>\u00a0<\/p><p>\u00a0<\/p><p>Parce que ce sujet est essentiel et qu&rsquo;il n&rsquo;est pas simple \u00e0 aborder nous avons cr\u00e9\u00e9 une<a href=\"https:\/\/familien.fr\/index.php\/project\/la-mort\/\"> fiche de lecture<\/a> sur le th\u00e8me de la mort.Vous retrouverez dessus cinq livres qui ont particuli\u00e8rement retenu notre attention.<\/p><p>\u00a0<\/p><p><a href=\"https:\/\/familien.fr\/index.php\/project\/la-mort\/\"><img loading=\"lazy\" decoding=\"async\" class=\"size-medium wp-image-1111 aligncenter\" src=\"https:\/\/familien.fr\/wp-content\/uploads\/2018\/09\/PIGMENTDESBELETTES_ILLUSTRATION_FAMILIEN_AFFICHE_LIVRE_ENFANT_MORT1-300x300.jpg\" alt=\"\" width=\"300\" height=\"300\" srcset=\"https:\/\/familien.fr\/wp-content\/uploads\/2018\/09\/PIGMENTDESBELETTES_ILLUSTRATION_FAMILIEN_AFFICHE_LIVRE_ENFANT_MORT1-300x300.jpg 300w, https:\/\/familien.fr\/wp-content\/uploads\/2018\/09\/PIGMENTDESBELETTES_ILLUSTRATION_FAMILIEN_AFFICHE_LIVRE_ENFANT_MORT1-150x150.jpg 150w, https:\/\/familien.fr\/wp-content\/uploads\/2018\/09\/PIGMENTDESBELETTES_ILLUSTRATION_FAMILIEN_AFFICHE_LIVRE_ENFANT_MORT1-768x768.jpg 768w, https:\/\/familien.fr\/wp-content\/uploads\/2018\/09\/PIGMENTDESBELETTES_ILLUSTRATION_FAMILIEN_AFFICHE_LIVRE_ENFANT_MORT1-1024x1024.jpg 1024w, https:\/\/familien.fr\/wp-content\/uploads\/2018\/09\/PIGMENTDESBELETTES_ILLUSTRATION_FAMILIEN_AFFICHE_LIVRE_ENFANT_MORT1-610x610.jpg 610w, https:\/\/familien.fr\/wp-content\/uploads\/2018\/09\/PIGMENTDESBELETTES_ILLUSTRATION_FAMILIEN_AFFICHE_LIVRE_ENFANT_MORT1-1080x1080.jpg 1080w, https:\/\/familien.fr\/wp-content\/uploads\/2018\/09\/PIGMENTDESBELETTES_ILLUSTRATION_FAMILIEN_AFFICHE_LIVRE_ENFANT_MORT1.jpg 1181w\" sizes=\"auto, (max-width: 300px) 100vw, 300px\" \/><\/a><\/p><p>\u00a0<\/p><p>Bien entendu il en existe de nombreux autres, n&rsquo;h\u00e9sitez pas \u00e0 en parler en commentaire, nous pourrons ainsi les ajouter \u00e0 notre biblioth\u00e8que.<\/p><p>\u00a0<\/p><blockquote><p>C&rsquo;est comme \u00e7a ! Comme le printemps qui suit l&rsquo;hiver. Certains arrivent et d&rsquo;autres s&rsquo;en vont&#8230;\u00a0\u00bb<\/p><p>C&rsquo;est comme \u00e7a<\/p><p>Paloma Valdivia<\/p><\/blockquote><p>\u00a0<\/p>\r\n\r\n[\/et_pb_text][\/et_pb_column][\/et_pb_row][\/et_pb_section]\n<span class=\"et_bloom_bottom_trigger\"><\/span>","protected":false},"excerpt":{"rendered":"<p>S&rsquo;il est un sujet qui peut nous d\u00e9stabiliser en voici un.\u00a0Tous les enfants, \u00e0 un moment ou \u00e0 un autre, s&rsquo;interrogent sur la mort et viennent donc, par la m\u00eame occasion, nous interroger dans nos croyances, peurs et \u00e9motions qui y sont rattach\u00e9es.\u00a0Les enfants posent leurs questions le plus simplement possible :\u00a0\u00a0Est-ce que l&rsquo;on meurt [&hellip;]<\/p>\n","protected":false},"author":1,"featured_media":1275,"comment_status":"open","ping_status":"open","sticky":false,"template":"","format":"standard","meta":{"_et_pb_use_builder":"on","_et_pb_old_content":"S'il est un sujet qui peut nous d\u00e9stabiliser en voici un.\r\n\r\nTous les enfants, \u00e0 un moment ou \u00e0 un autre, s'interrogent sur la mort et viennent donc, par la m\u00eame occasion, nous interroger dans nos croyances, peurs et \u00e9motions qui y sont rattach\u00e9es.\r\n\r\nLes enfants posent leurs questions le plus simplement possible :\r\n\r\n<img class=\"size-medium wp-image-1261 alignright\" src=\"https:\/\/familien.fr\/wp-content\/uploads\/2018\/09\/screen-300x215.jpg\" alt=\"\" width=\"300\" height=\"215\" \/>\r\n<ul>\r\n \t<li>Est-ce que l'on meurt quand on est vieux ? Alors mamie va bient\u00f4t mourir ?\u00a0<\/li>\r\n<\/ul>\r\nOn nous a m\u00eame racont\u00e9 l'anecdote d'un petit gar\u00e7on qui a demand\u00e9 \u00e0 son arri\u00e8re grand-m\u00e8re si elle \u00e9tait d\u00e9j\u00e0 morte.\r\n\r\n\u00a0\r\n\r\nPeut \u00eatre que lorsque nous sommes confront\u00e9s \u00e0 ces questions par nos enfants, la premi\u00e8re chose \u00e0 faire serait un \"\u00e9tat des lieux\" de nos propres sentiments face \u00e0 ce sujet.\r\n\r\nChez Familien nous encourageons toujours les familles \u00e0 dire les sentiments qui les traversent. En effet, s'autoriser \u00e0 dire comment on se sent face \u00e0 une question, un \u00e9v\u00e8nement, permet aux enfants de faire de m\u00eame.\r\n\r\nL'id\u00e9e de prot\u00e9ger son enfant en \u00e9vitant de r\u00e9pondre aux questions qu'il se pose sur un sujet si important ou bien en modifiant la v\u00e9rit\u00e9 est en r\u00e9alit\u00e9 bien plus dommageable et inqui\u00e9tant.\r\n\r\nFace \u00e0 de tels questionnements, le plus important est finalement de r\u00e9pondre simplement aux questions pos\u00e9es.\r\n\r\nPlus facile \u00e0 dire qu'\u00e0 faire ... !\r\n\r\nTout d'abord, il peut \u00eatre int\u00e9ressant de questionner l'enfant pour savoir \"o\u00f9 il en est\". Le laisser pr\u00e9senter, avec ses mots, ses croyances, ses sentiments, la repr\u00e9sentation qu'il se fait de la mort. Ainsi vous aurez un point de d\u00e9part. Vous pourrez juger si les questions sont n\u00e9es d'une situation v\u00e9cue (voire un petit animal mort au bord de la route, entendre parler de la mort de quelqu'un....) et ainsi apporter des r\u00e9ponses adapt\u00e9es \u00e0 la situation.\r\n\r\nParfois, pour des sujets qui nous sont difficiles, pour lesquels nous ne savons pas forc\u00e9ment quels mots choisir, les livres sont nos amis.\r\n\r\nLe livre : un support pour en parler, un support \u00e0 toucher, un support qui peut \u00eatre lu et relu autant de fois que n\u00e9cessaire.\r\n\r\n<img class=\"size-medium wp-image-1264 aligncenter\" src=\"https:\/\/familien.fr\/wp-content\/uploads\/2018\/09\/test-300x200.png\" alt=\"\" width=\"300\" height=\"200\" \/>\r\n\r\nParce que ce sujet est essentiel et qu'il n'est pas simple \u00e0 aborder nous avons cr\u00e9\u00e9 une<a href=\"https:\/\/familien.fr\/index.php\/project\/la-mort\/\"> fiche de lecture<\/a> sur le th\u00e8me de la mort.Vous retrouverez dessus cinq livres qui ont particuli\u00e8rement retenu notre attention.\r\n\r\n<a href=\"https:\/\/familien.fr\/index.php\/project\/la-mort\/\"><img class=\"size-medium wp-image-1111 aligncenter\" src=\"https:\/\/familien.fr\/wp-content\/uploads\/2018\/09\/PIGMENTDESBELETTES_ILLUSTRATION_FAMILIEN_AFFICHE_LIVRE_ENFANT_MORT1-300x300.jpg\" alt=\"\" width=\"300\" height=\"300\" \/><\/a>\r\n\r\nBien entendu il en existe de nombreux autres, n'h\u00e9sitez pas \u00e0 en parler en commentaire, nous pourrons ainsi les ajouter \u00e0 notre biblioth\u00e8que.\r\n<blockquote>C'est comme \u00e7a ! Comme le printemps qui suit l'hiver. Certains arrivent et d'autres s'en vont...\"\r\n\r\nC'est comme \u00e7a\r\n\r\nPaloma Valdivia<\/blockquote>","_et_gb_content_width":"","footnotes":""},"categories":[26],"tags":[],"class_list":["post-1258","post","type-post","status-publish","format-standard","has-post-thumbnail","hentry","category-accompagnement-a-la-parentalite"],"yoast_head":"<!-- This site is optimized with the Yoast SEO plugin v14.9 - https:\/\/yoast.com\/wordpress\/plugins\/seo\/ -->\n<title>Parler de la mort avec les enfants - Familien<\/title>\n<meta name=\"description\" content=\"Comment parler de la mort avec les enfants. Un sujet difficile qu&#039;il est important d&#039;aborder. Voici quelques conseils donn\u00e9s par l&#039;association Familien.\" \/>\n<meta name=\"robots\" content=\"index, follow, max-snippet:-1, max-image-preview:large, max-video-preview:-1\" \/>\n<link rel=\"canonical\" href=\"https:\/\/familien.fr\/index.php\/2018\/09\/25\/parler-de-la-mort-avec-les-enfants\/\" \/>\n<meta property=\"og:locale\" content=\"fr_FR\" \/>\n<meta property=\"og:type\" content=\"article\" \/>\n<meta property=\"og:title\" content=\"Parler de la mort avec les enfants - Familien\" \/>\n<meta property=\"og:description\" content=\"Comment parler de la mort avec les enfants. Un sujet difficile qu&#039;il est important d&#039;aborder. Voici quelques conseils donn\u00e9s par l&#039;association Familien.\" \/>\n<meta property=\"og:url\" content=\"https:\/\/familien.fr\/index.php\/2018\/09\/25\/parler-de-la-mort-avec-les-enfants\/\" \/>\n<meta property=\"og:site_name\" content=\"Familien\" \/>\n<meta property=\"article:publisher\" content=\"https:\/\/www.facebook.com\/accueilfamilien\/\" \/>\n<meta property=\"article:published_time\" content=\"2018-09-25T09:34:08+00:00\" \/>\n<meta property=\"article:modified_time\" content=\"2020-01-29T08:24:12+00:00\" \/>\n<meta property=\"og:image\" content=\"https:\/\/familien.fr\/wp-content\/uploads\/2018\/09\/Croquette-mort-petit-1.jpg\" \/>\n\t<meta property=\"og:image:width\" content=\"550\" \/>\n\t<meta property=\"og:image:height\" content=\"550\" \/>\n<meta name=\"twitter:card\" content=\"summary\" \/>\n<script type=\"application\/ld+json\" class=\"yoast-schema-graph\">{\"@context\":\"https:\/\/schema.org\",\"@graph\":[{\"@type\":\"WebSite\",\"@id\":\"https:\/\/familien.fr\/#website\",\"url\":\"https:\/\/familien.fr\/\",\"name\":\"Familien\",\"description\":\"accompagnement de la famille confront\\u00e9e \\u00e0 l&#039;hospitalisation\",\"potentialAction\":[{\"@type\":\"SearchAction\",\"target\":\"https:\/\/familien.fr\/?s={search_term_string}\",\"query-input\":\"required name=search_term_string\"}],\"inLanguage\":\"fr-FR\"},{\"@type\":\"ImageObject\",\"@id\":\"https:\/\/familien.fr\/index.php\/2018\/09\/25\/parler-de-la-mort-avec-les-enfants\/#primaryimage\",\"inLanguage\":\"fr-FR\",\"url\":\"https:\/\/familien.fr\/wp-content\/uploads\/2018\/09\/Croquette-mort-petit-1.jpg\",\"width\":550,\"height\":550},{\"@type\":\"WebPage\",\"@id\":\"https:\/\/familien.fr\/index.php\/2018\/09\/25\/parler-de-la-mort-avec-les-enfants\/#webpage\",\"url\":\"https:\/\/familien.fr\/index.php\/2018\/09\/25\/parler-de-la-mort-avec-les-enfants\/\",\"name\":\"Parler de la mort avec les enfants - Familien\",\"isPartOf\":{\"@id\":\"https:\/\/familien.fr\/#website\"},\"primaryImageOfPage\":{\"@id\":\"https:\/\/familien.fr\/index.php\/2018\/09\/25\/parler-de-la-mort-avec-les-enfants\/#primaryimage\"},\"datePublished\":\"2018-09-25T09:34:08+00:00\",\"dateModified\":\"2020-01-29T08:24:12+00:00\",\"author\":{\"@id\":\"https:\/\/familien.fr\/#\/schema\/person\/473a5081169c92dd75871772979c5e7e\"},\"description\":\"Comment parler de la mort avec les enfants. Un sujet difficile qu'il est important d'aborder. Voici quelques conseils donn\\u00e9s par l'association Familien.\",\"inLanguage\":\"fr-FR\",\"potentialAction\":[{\"@type\":\"ReadAction\",\"target\":[\"https:\/\/familien.fr\/index.php\/2018\/09\/25\/parler-de-la-mort-avec-les-enfants\/\"]}]},{\"@type\":\"Person\",\"@id\":\"https:\/\/familien.fr\/#\/schema\/person\/473a5081169c92dd75871772979c5e7e\",\"name\":\"Familien\",\"image\":{\"@type\":\"ImageObject\",\"@id\":\"https:\/\/familien.fr\/#personlogo\",\"inLanguage\":\"fr-FR\",\"url\":\"https:\/\/secure.gravatar.com\/avatar\/5486df1d0a65ad8c82a18299d2ae02f3?s=96&d=mm&r=g\",\"caption\":\"Familien\"}}]}<\/script>\n<!-- \/ Yoast SEO plugin. -->","_links":{"self":[{"href":"https:\/\/familien.fr\/index.php\/wp-json\/wp\/v2\/posts\/1258","targetHints":{"allow":["GET"]}}],"collection":[{"href":"https:\/\/familien.fr\/index.php\/wp-json\/wp\/v2\/posts"}],"about":[{"href":"https:\/\/familien.fr\/index.php\/wp-json\/wp\/v2\/types\/post"}],"author":[{"embeddable":true,"href":"https:\/\/familien.fr\/index.php\/wp-json\/wp\/v2\/users\/1"}],"replies":[{"embeddable":true,"href":"https:\/\/familien.fr\/index.php\/wp-json\/wp\/v2\/comments?post=1258"}],"version-history":[{"count":7,"href":"https:\/\/familien.fr\/index.php\/wp-json\/wp\/v2\/posts\/1258\/revisions"}],"predecessor-version":[{"id":1885,"href":"https:\/\/familien.fr\/index.php\/wp-json\/wp\/v2\/posts\/1258\/revisions\/1885"}],"wp:featuredmedia":[{"embeddable":true,"href":"https:\/\/familien.fr\/index.php\/wp-json\/wp\/v2\/media\/1275"}],"wp:attachment":[{"href":"https:\/\/familien.fr\/index.php\/wp-json\/wp\/v2\/media?parent=1258"}],"wp:term":[{"taxonomy":"category","embeddable":true,"href":"https:\/\/familien.fr\/index.php\/wp-json\/wp\/v2\/categories?post=1258"},{"taxonomy":"post_tag","embeddable":true,"href":"https:\/\/familien.fr\/index.php\/wp-json\/wp\/v2\/tags?post=1258"}],"curies":[{"name":"wp","href":"https:\/\/api.w.org\/{rel}","templated":true}]}}