{"id":1309,"date":"2019-04-23T14:06:39","date_gmt":"2019-04-23T12:06:39","guid":{"rendered":"https:\/\/familien.fr\/?p=1309"},"modified":"2019-04-23T14:07:17","modified_gmt":"2019-04-23T12:07:17","slug":"familien-sur-france-inter","status":"publish","type":"post","link":"https:\/\/familien.fr\/index.php\/2019\/04\/23\/familien-sur-france-inter\/","title":{"rendered":"Familien sur France Inter"},"content":{"rendered":"[et_pb_section fb_built=\u00a0\u00bb1&Prime; admin_label=\u00a0\u00bbsection\u00a0\u00bb _builder_version=\u00a0\u00bb3.0.47&Prime;][et_pb_row admin_label=\u00a0\u00bbrow\u00a0\u00bb _builder_version=\u00a0\u00bb3.0.48&Prime; background_size=\u00a0\u00bbinitial\u00a0\u00bb background_position=\u00a0\u00bbtop_left\u00a0\u00bb background_repeat=\u00a0\u00bbrepeat\u00a0\u00bb][et_pb_column type=\u00a0\u00bb4_4&Prime; _builder_version=\u00a0\u00bb3.0.47&Prime; parallax=\u00a0\u00bboff\u00a0\u00bb parallax_method=\u00a0\u00bbon\u00a0\u00bb][et_pb_text admin_label=\u00a0\u00bbText\u00a0\u00bb _builder_version=\u00a0\u00bb3.0.74&Prime; background_size=\u00a0\u00bbinitial\u00a0\u00bb background_position=\u00a0\u00bbtop_left\u00a0\u00bb background_repeat=\u00a0\u00bbrepeat\u00a0\u00bb]\t\t\t\t\t\n<p>Le 22 avril 2019, Familien \u00e9tait au micro de Philippe Bertrand dans son \u00e9mission quotidienne \u00ab\u00a0Carnet de campagne\u00a0\u00bb qui va \u00e0 la rencontre des solutions d&rsquo;avenir \u00e0 toutes les questions de vie, de consommation, de formation, de sant\u00e9, de production, de culture ou d&rsquo;habitat. <\/p>\n[\/et_pb_text][et_pb_code _builder_version=\u00a0\u00bb3.17.6&Prime;]    <iframe loading=\"lazy\" src=\"https:\/\/www.franceinter.fr\/embed\/player\/aod\/88fe5697-9a18-4276-96b1-1b68a3207906\" width=\"100%\" height=\"64\" frameborder=\"0\" scrolling=\"no\"><\/iframe><!-- [et_pb_line_break_holder] -->[\/et_pb_code][\/et_pb_column][\/et_pb_row][\/et_pb_section]<span class=\"et_bloom_bottom_trigger\"><\/span>","protected":false},"excerpt":{"rendered":"<p>Le 22 avril 2019, Familien \u00e9tait au micro de Philippe Bertrand dans son \u00e9mission quotidienne \u00ab\u00a0Carnet de campagne\u00a0\u00bb qui va \u00e0 la rencontre des solutions d&rsquo;avenir \u00e0 toutes les questions de vie, de consommation, de formation, de sant\u00e9, de production, de culture ou d&rsquo;habitat.<\/p>\n","protected":false},"author":1,"featured_media":1310,"comment_status":"open","ping_status":"open","sticky":false,"template":"","format":"standard","meta":{"_et_pb_use_builder":"on","_et_pb_old_content":"<!-- wp:paragraph -->\n<p>Le 22 avril 2019, Familien \u00e9tait au micro de Philippe Bertrand dans son \u00e9mission quotidienne \"Carnet de campagne\" qui va \u00e0 la rencontre des solutions d'avenir \u00e0 toutes les questions de vie, de consommation, de formation, de sant\u00e9, de production, de culture ou d'habitat. <\/p>\n<!-- \/wp:paragraph -->","_et_gb_content_width":"","footnotes":""},"categories":[22,5],"tags":[],"class_list":["post-1309","post","type-post","status-publish","format-standard","has-post-thumbnail","hentry","category-article","category-presse"],"yoast_head":"<!-- This site is optimized with the Yoast SEO plugin v14.9 - https:\/\/yoast.com\/wordpress\/plugins\/seo\/ -->\n<title>Familien sur France Inter - Familien<\/title>\n<meta name=\"robots\" content=\"index, follow, max-snippet:-1, max-image-preview:large, max-video-preview:-1\" \/>\n<link rel=\"canonical\" href=\"https:\/\/familien.fr\/index.php\/2019\/04\/23\/familien-sur-france-inter\/\" \/>\n<meta property=\"og:locale\" content=\"fr_FR\" \/>\n<meta property=\"og:type\" content=\"article\" \/>\n<meta property=\"og:title\" content=\"Familien sur France Inter - Familien\" \/>\n<meta property=\"og:description\" content=\"Le 22 avril 2019, Familien \u00e9tait au micro de Philippe Bertrand dans son \u00e9mission quotidienne &quot;Carnet de campagne&quot; qui va \u00e0 la rencontre des solutions d&#039;avenir \u00e0 toutes les questions de vie, de consommation, de formation, de sant\u00e9, de production, de culture ou d&#039;habitat.\" \/>\n<meta property=\"og:url\" content=\"https:\/\/familien.fr\/index.php\/2019\/04\/23\/familien-sur-france-inter\/\" \/>\n<meta property=\"og:site_name\" content=\"Familien\" \/>\n<meta property=\"article:publisher\" content=\"https:\/\/www.facebook.com\/accueilfamilien\/\" \/>\n<meta property=\"article:published_time\" content=\"2019-04-23T12:06:39+00:00\" \/>\n<meta property=\"article:modified_time\" content=\"2019-04-23T12:07:17+00:00\" \/>\n<meta property=\"og:image\" content=\"https:\/\/familien.fr\/wp-content\/uploads\/2019\/04\/Carnets-de-campagne.jpg\" \/>\n\t<meta property=\"og:image:width\" content=\"1400\" \/>\n\t<meta property=\"og:image:height\" content=\"1400\" \/>\n<meta name=\"twitter:card\" content=\"summary\" \/>\n<script type=\"application\/ld+json\" class=\"yoast-schema-graph\">{\"@context\":\"https:\/\/schema.org\",\"@graph\":[{\"@type\":\"WebSite\",\"@id\":\"https:\/\/familien.fr\/#website\",\"url\":\"https:\/\/familien.fr\/\",\"name\":\"Familien\",\"description\":\"accompagnement de la famille confront\\u00e9e \\u00e0 l&#039;hospitalisation\",\"potentialAction\":[{\"@type\":\"SearchAction\",\"target\":\"https:\/\/familien.fr\/?s={search_term_string}\",\"query-input\":\"required name=search_term_string\"}],\"inLanguage\":\"fr-FR\"},{\"@type\":\"ImageObject\",\"@id\":\"https:\/\/familien.fr\/index.php\/2019\/04\/23\/familien-sur-france-inter\/#primaryimage\",\"inLanguage\":\"fr-FR\",\"url\":\"https:\/\/familien.fr\/wp-content\/uploads\/2019\/04\/Carnets-de-campagne.jpg\",\"width\":1400,\"height\":1400},{\"@type\":\"WebPage\",\"@id\":\"https:\/\/familien.fr\/index.php\/2019\/04\/23\/familien-sur-france-inter\/#webpage\",\"url\":\"https:\/\/familien.fr\/index.php\/2019\/04\/23\/familien-sur-france-inter\/\",\"name\":\"Familien sur France Inter - Familien\",\"isPartOf\":{\"@id\":\"https:\/\/familien.fr\/#website\"},\"primaryImageOfPage\":{\"@id\":\"https:\/\/familien.fr\/index.php\/2019\/04\/23\/familien-sur-france-inter\/#primaryimage\"},\"datePublished\":\"2019-04-23T12:06:39+00:00\",\"dateModified\":\"2019-04-23T12:07:17+00:00\",\"author\":{\"@id\":\"https:\/\/familien.fr\/#\/schema\/person\/473a5081169c92dd75871772979c5e7e\"},\"inLanguage\":\"fr-FR\",\"potentialAction\":[{\"@type\":\"ReadAction\",\"target\":[\"https:\/\/familien.fr\/index.php\/2019\/04\/23\/familien-sur-france-inter\/\"]}]},{\"@type\":\"Person\",\"@id\":\"https:\/\/familien.fr\/#\/schema\/person\/473a5081169c92dd75871772979c5e7e\",\"name\":\"Familien\",\"image\":{\"@type\":\"ImageObject\",\"@id\":\"https:\/\/familien.fr\/#personlogo\",\"inLanguage\":\"fr-FR\",\"url\":\"https:\/\/secure.gravatar.com\/avatar\/5486df1d0a65ad8c82a18299d2ae02f3?s=96&d=mm&r=g\",\"caption\":\"Familien\"}}]}<\/script>\n<!-- \/ Yoast SEO plugin. -->","_links":{"self":[{"href":"https:\/\/familien.fr\/index.php\/wp-json\/wp\/v2\/posts\/1309","targetHints":{"allow":["GET"]}}],"collection":[{"href":"https:\/\/familien.fr\/index.php\/wp-json\/wp\/v2\/posts"}],"about":[{"href":"https:\/\/familien.fr\/index.php\/wp-json\/wp\/v2\/types\/post"}],"author":[{"embeddable":true,"href":"https:\/\/familien.fr\/index.php\/wp-json\/wp\/v2\/users\/1"}],"replies":[{"embeddable":true,"href":"https:\/\/familien.fr\/index.php\/wp-json\/wp\/v2\/comments?post=1309"}],"version-history":[{"count":3,"href":"https:\/\/familien.fr\/index.php\/wp-json\/wp\/v2\/posts\/1309\/revisions"}],"predecessor-version":[{"id":1314,"href":"https:\/\/familien.fr\/index.php\/wp-json\/wp\/v2\/posts\/1309\/revisions\/1314"}],"wp:featuredmedia":[{"embeddable":true,"href":"https:\/\/familien.fr\/index.php\/wp-json\/wp\/v2\/media\/1310"}],"wp:attachment":[{"href":"https:\/\/familien.fr\/index.php\/wp-json\/wp\/v2\/media?parent=1309"}],"wp:term":[{"taxonomy":"category","embeddable":true,"href":"https:\/\/familien.fr\/index.php\/wp-json\/wp\/v2\/categories?post=1309"},{"taxonomy":"post_tag","embeddable":true,"href":"https:\/\/familien.fr\/index.php\/wp-json\/wp\/v2\/tags?post=1309"}],"curies":[{"name":"wp","href":"https:\/\/api.w.org\/{rel}","templated":true}]}}